{"id":662,"date":"2020-01-24T21:55:47","date_gmt":"2020-01-24T20:55:47","guid":{"rendered":"http:\/\/www.benjamin-hochstetter.de\/?p=662"},"modified":"2020-01-24T21:55:54","modified_gmt":"2020-01-24T20:55:54","slug":"friday-for-future-jetzt-auch-in-boeblingen-sindelfingen","status":"publish","type":"post","link":"http:\/\/www.benjamin-hochstetter.de\/?p=662","title":{"rendered":"Friday for Future jetzt auch in B\u00f6blingen\/Sindelfingen"},"content":{"rendered":"\n<p>Die Demonstration ging von B\u00f6blingen nach Sindelfingen und endete dort auf dem Marktplatz mit der Kundgebung.<\/p>\n\n\n\n<p>Mit dem Blick auf den Stern der Daimler Werke wurde ein Umdenken im Konzernmarketing gefordert. Weg von den immer schwerer Fahzeugen hin zu zeitgem\u00e4\u00dfen Verkehrsl\u00f6sungen.<\/p>\n\n\n\n<figure class=\"wp-block-image size-large is-resized\"><img loading=\"lazy\" decoding=\"async\" src=\"http:\/\/www.benjamin-hochstetter.de\/wordpress\/wp-content\/uploads\/2020\/01\/img_6480-scaled.jpg\" alt=\"\" class=\"wp-image-660\" width=\"436\" height=\"328\" srcset=\"http:\/\/www.benjamin-hochstetter.de\/wordpress\/wp-content\/uploads\/2020\/01\/img_6480-scaled.jpg 2560w, http:\/\/www.benjamin-hochstetter.de\/wordpress\/wp-content\/uploads\/2020\/01\/img_6480-300x225.jpg 300w, http:\/\/www.benjamin-hochstetter.de\/wordpress\/wp-content\/uploads\/2020\/01\/img_6480-1024x768.jpg 1024w, http:\/\/www.benjamin-hochstetter.de\/wordpress\/wp-content\/uploads\/2020\/01\/img_6480-768x576.jpg 768w, http:\/\/www.benjamin-hochstetter.de\/wordpress\/wp-content\/uploads\/2020\/01\/img_6480-1536x1152.jpg 1536w, http:\/\/www.benjamin-hochstetter.de\/wordpress\/wp-content\/uploads\/2020\/01\/img_6480-2048x1536.jpg 2048w, http:\/\/www.benjamin-hochstetter.de\/wordpress\/wp-content\/uploads\/2020\/01\/img_6480-690x518.jpg 690w, http:\/\/www.benjamin-hochstetter.de\/wordpress\/wp-content\/uploads\/2020\/01\/img_6480-980x735.jpg 980w\" sizes=\"auto, (max-width: 436px) 100vw, 436px\" \/><\/figure>\n<h3>Related Images:<\/h3>","protected":false},"excerpt":{"rendered":"<p>Die Demonstration ging von B\u00f6blingen nach Sindelfingen und endete dort auf dem Marktplatz mit der Kundgebung. Mit dem Blick auf den Stern der Daimler Werke wurde ein Umdenken im Konzernmarketing gefordert. Weg von den immer schwerer Fahzeugen hin zu zeitgem\u00e4\u00dfen Verkehrsl\u00f6sungen. Related Images:<\/p>\n","protected":false},"author":1,"featured_media":0,"comment_status":"open","ping_status":"open","sticky":false,"template":"","format":"standard","meta":{"ngg_post_thumbnail":0,"_jetpack_memberships_contains_paid_content":false,"footnotes":""},"categories":[1],"tags":[],"class_list":["post-662","post","type-post","status-publish","format-standard","hentry","category-uncategorized"],"jetpack_featured_media_url":"","jetpack_sharing_enabled":true,"_links":{"self":[{"href":"http:\/\/www.benjamin-hochstetter.de\/index.php?rest_route=\/wp\/v2\/posts\/662","targetHints":{"allow":["GET"]}}],"collection":[{"href":"http:\/\/www.benjamin-hochstetter.de\/index.php?rest_route=\/wp\/v2\/posts"}],"about":[{"href":"http:\/\/www.benjamin-hochstetter.de\/index.php?rest_route=\/wp\/v2\/types\/post"}],"author":[{"embeddable":true,"href":"http:\/\/www.benjamin-hochstetter.de\/index.php?rest_route=\/wp\/v2\/users\/1"}],"replies":[{"embeddable":true,"href":"http:\/\/www.benjamin-hochstetter.de\/index.php?rest_route=%2Fwp%2Fv2%2Fcomments&post=662"}],"version-history":[{"count":2,"href":"http:\/\/www.benjamin-hochstetter.de\/index.php?rest_route=\/wp\/v2\/posts\/662\/revisions"}],"predecessor-version":[{"id":665,"href":"http:\/\/www.benjamin-hochstetter.de\/index.php?rest_route=\/wp\/v2\/posts\/662\/revisions\/665"}],"wp:attachment":[{"href":"http:\/\/www.benjamin-hochstetter.de\/index.php?rest_route=%2Fwp%2Fv2%2Fmedia&parent=662"}],"wp:term":[{"taxonomy":"category","embeddable":true,"href":"http:\/\/www.benjamin-hochstetter.de\/index.php?rest_route=%2Fwp%2Fv2%2Fcategories&post=662"},{"taxonomy":"post_tag","embeddable":true,"href":"http:\/\/www.benjamin-hochstetter.de\/index.php?rest_route=%2Fwp%2Fv2%2Ftags&post=662"}],"curies":[{"name":"wp","href":"https:\/\/api.w.org\/{rel}","templated":true}]}}