{"id":623,"date":"2019-05-22T19:09:26","date_gmt":"2019-05-22T18:09:26","guid":{"rendered":"http:\/\/www.benjamin-hochstetter.de\/?p=623"},"modified":"2019-05-22T19:09:33","modified_gmt":"2019-05-22T18:09:33","slug":"auf-der-dynafair-in-herne","status":"publish","type":"post","link":"http:\/\/www.benjamin-hochstetter.de\/?p=623","title":{"rendered":"Auf der DYNAFair in Herne"},"content":{"rendered":"<p>Heute war zum zweiten Mal die <a href=\"https:\/\/www.dyna-fair.com\/\">DYNAFair<\/a> in Herne. Dieses mal bin ich der Einladung von Sonja gefolgt und bin hingefahren.<br \/>Zusammen mit Martin Wollenweber haben wir die <a href=\"https:\/\/mse-addons.de\/\">Business Central bzw. Dynamics NAV AddOns<\/a> und den <a href=\"https:\/\/www.mse-gruppe.de\/branchen\/mittelstand\/plausibilitaetskonfigurator\/\">Plausibilit\u00e4tskonfigurator<\/a> pr\u00e4sentiert.<\/p>\n<p>Unser Stand:<\/p>\n<p><img loading=\"lazy\" decoding=\"async\" class=\" wp-image-622\" src=\"http:\/\/www.benjamin-hochstetter.de\/wordpress\/wp-content\/uploads\/2019\/05\/img_5760.jpg\" width=\"296\" height=\"222\" srcset=\"http:\/\/www.benjamin-hochstetter.de\/wordpress\/wp-content\/uploads\/2019\/05\/img_5760.jpg 3264w, http:\/\/www.benjamin-hochstetter.de\/wordpress\/wp-content\/uploads\/2019\/05\/img_5760-300x225.jpg 300w, http:\/\/www.benjamin-hochstetter.de\/wordpress\/wp-content\/uploads\/2019\/05\/img_5760-768x576.jpg 768w, http:\/\/www.benjamin-hochstetter.de\/wordpress\/wp-content\/uploads\/2019\/05\/img_5760-1024x768.jpg 1024w, http:\/\/www.benjamin-hochstetter.de\/wordpress\/wp-content\/uploads\/2019\/05\/img_5760-690x518.jpg 690w, http:\/\/www.benjamin-hochstetter.de\/wordpress\/wp-content\/uploads\/2019\/05\/img_5760-980x735.jpg 980w\" sizes=\"auto, (max-width: 296px) 100vw, 296px\" \/><\/p>\n<p>Die Austellungsfl\u00e4che im Kulturzentrum Herne:<\/p>\n<p><img loading=\"lazy\" decoding=\"async\" class=\"size-full wp-image-621\" src=\"http:\/\/www.benjamin-hochstetter.de\/wordpress\/wp-content\/uploads\/2019\/05\/img_5761.jpg\" width=\"6010\" height=\"2480\" srcset=\"http:\/\/www.benjamin-hochstetter.de\/wordpress\/wp-content\/uploads\/2019\/05\/img_5761.jpg 6010w, http:\/\/www.benjamin-hochstetter.de\/wordpress\/wp-content\/uploads\/2019\/05\/img_5761-300x124.jpg 300w, http:\/\/www.benjamin-hochstetter.de\/wordpress\/wp-content\/uploads\/2019\/05\/img_5761-768x317.jpg 768w, http:\/\/www.benjamin-hochstetter.de\/wordpress\/wp-content\/uploads\/2019\/05\/img_5761-1024x423.jpg 1024w, http:\/\/www.benjamin-hochstetter.de\/wordpress\/wp-content\/uploads\/2019\/05\/img_5761-690x285.jpg 690w, http:\/\/www.benjamin-hochstetter.de\/wordpress\/wp-content\/uploads\/2019\/05\/img_5761-980x404.jpg 980w\" sizes=\"auto, (max-width: 6010px) 100vw, 6010px\" \/><\/p>\n\n\n<p>P.S.: Vielen Dank an <a href=\"https:\/\/www.xing.com\/profile\/Sonja_Klimke\/cv\">Sonja <\/a>f\u00fcr die Organisation. Es war eine sehr sch\u00f6ne und spannende Veranstaltung. Ich werde sicher n\u00e4chtes Jahr wieder dabei sein.<\/p>\n\n\n\n<p><\/p>\n<h3>Related Images:<\/h3>","protected":false},"excerpt":{"rendered":"<p>Heute war zum zweiten Mal die DYNAFair in Herne. Dieses mal bin ich der Einladung von Sonja gefolgt und bin hingefahren.Zusammen mit Martin Wollenweber haben wir die Business Central bzw. Dynamics NAV AddOns und den Plausibilit\u00e4tskonfigurator pr\u00e4sentiert. Unser Stand: Die Austellungsfl\u00e4che im Kulturzentrum Herne: P.S.: Vielen Dank an Sonja f\u00fcr die Organisation. Es war eine [&hellip;]<\/p>\n","protected":false},"author":1,"featured_media":0,"comment_status":"open","ping_status":"open","sticky":false,"template":"","format":"standard","meta":{"ngg_post_thumbnail":0,"_jetpack_memberships_contains_paid_content":false,"footnotes":""},"categories":[62,1],"tags":[177],"class_list":["post-623","post","type-post","status-publish","format-standard","hentry","category-dyn-nav","category-uncategorized","tag-plusibilitaetskonfigurator"],"jetpack_featured_media_url":"","jetpack_sharing_enabled":true,"_links":{"self":[{"href":"http:\/\/www.benjamin-hochstetter.de\/index.php?rest_route=\/wp\/v2\/posts\/623","targetHints":{"allow":["GET"]}}],"collection":[{"href":"http:\/\/www.benjamin-hochstetter.de\/index.php?rest_route=\/wp\/v2\/posts"}],"about":[{"href":"http:\/\/www.benjamin-hochstetter.de\/index.php?rest_route=\/wp\/v2\/types\/post"}],"author":[{"embeddable":true,"href":"http:\/\/www.benjamin-hochstetter.de\/index.php?rest_route=\/wp\/v2\/users\/1"}],"replies":[{"embeddable":true,"href":"http:\/\/www.benjamin-hochstetter.de\/index.php?rest_route=%2Fwp%2Fv2%2Fcomments&post=623"}],"version-history":[{"count":5,"href":"http:\/\/www.benjamin-hochstetter.de\/index.php?rest_route=\/wp\/v2\/posts\/623\/revisions"}],"predecessor-version":[{"id":628,"href":"http:\/\/www.benjamin-hochstetter.de\/index.php?rest_route=\/wp\/v2\/posts\/623\/revisions\/628"}],"wp:attachment":[{"href":"http:\/\/www.benjamin-hochstetter.de\/index.php?rest_route=%2Fwp%2Fv2%2Fmedia&parent=623"}],"wp:term":[{"taxonomy":"category","embeddable":true,"href":"http:\/\/www.benjamin-hochstetter.de\/index.php?rest_route=%2Fwp%2Fv2%2Fcategories&post=623"},{"taxonomy":"post_tag","embeddable":true,"href":"http:\/\/www.benjamin-hochstetter.de\/index.php?rest_route=%2Fwp%2Fv2%2Ftags&post=623"}],"curies":[{"name":"wp","href":"https:\/\/api.w.org\/{rel}","templated":true}]}}